{"id":119,"date":"2011-05-02T22:43:00","date_gmt":"2011-05-02T20:43:00","guid":{"rendered":"http:\/\/frogspace.de\/jcw\/?p=119"},"modified":"2024-07-03T11:46:03","modified_gmt":"2024-07-03T09:46:03","slug":"san-andres-providencia-kolumbien","status":"publish","type":"post","link":"https:\/\/frogspace.de\/wordpress\/2011\/05\/02\/san-andres-providencia-kolumbien\/","title":{"rendered":"2011: San Andres und Providencia, Kolumbien"},"content":{"rendered":"<div class=\"wp-block-image\">\n<figure class=\"alignleft\"><a href=\"http:\/\/frogspace.de\/jcw\/wp-content\/uploads\/2014\/02\/caribbean_post.png\"><img decoding=\"async\" src=\"http:\/\/frogspace.de\/jcw\/wp-content\/uploads\/2014\/02\/caribbean_post.png\" alt=\"caribbean_post\" class=\"wp-image-120\"\/><\/a><figcaption class=\"wp-element-caption\">Inselzeitung<\/figcaption><\/figure>\n<\/div>\n\n\n<p style=\"font-style:normal;font-weight:300\">Isla de San Andres geh\u00f6rt auf erstaunlicherweise zu Kolumbien. Zu der kolumbianischen Inselgruppe geh\u00f6ren zwei Inseln San Andres und Providencia. Das Island liegt im karibischen Meer, ca. 770 km nordwestlich der kolumbianischen K\u00fcste. Nach Nicaragua ist es deutlich n\u00e4her, nur knapp 190 km. Warum die beiden Inseln zu Kolumbien geh\u00f6ren, da fragst Du am besten <a href=\"http:\/\/de.wikipedia.org\/wiki\/San_Andr%C3%A9s_%28Kolumbien%29\" target=\"_blank\" rel=\"noopener noreferrer\">Wikipedia<\/a>, lange Geschichte.<\/p>\n\n\n\n<p style=\"font-style:normal;font-weight:300\">Wir hatten gut 6 Wochen, um die beiden Inseln zu besuchen. Ich nehme es gleich vorweg, einfach ein Traum! Wenn ich k\u00f6nnte, w\u00fcrde ich jederzeit mit meinem Sweetie wieder zur\u00fcck und dort bleiben. Der Inselsong &#8222;take me back to my San Andres&#8220; spricht die Wahrheit. Wer jemals dort gewesen ist, kann uns entweder total verstehen und wird von dieser Insel tr\u00e4umen oder er wird seinen Aufenthalt als Alptraum empfinden und seine Erinnerungen am Flughafen zur\u00fccklassen.<\/p>\n\n\n\n<p style=\"font-style:normal;font-weight:300\">Was soll ich noch sagen? Sechs traumhafte Wochen in unserem &#8222;Casa Ingrid&#8220;, wir hatten ein kleines Holzhaus mitten zwischen den Insulanern gemietet, die beste Nachbarschaft unseres Lebens. Um meine echten Eindr\u00fccke dieser Zeit zu beschreiben w\u00fcrde ein Buch wohl kaum ausreichen.<\/p>\n\n\n\n<pre class=\"wp-block-preformatted\">&nbsp;<\/pre>\n\n\n \n<div data-block=\"gutenkit\/fun-fact\" data-post-id=\"119\" id=\"block-80f1f5aa-b744-4ff4-8afd-9b5344dda0dd\" class=\"wp-block-gutenkit-fun-fact gkit-funfact gkit-block-80f1f5aa-b744-4ff4-8afd-9b5344dda0dd gutenkit-block\"><div id=\"gkit-funfact-80f1f5aa-b744-4ff4-8afd-9b5344dda0dd\" class=\"gkit-funfact-inner\" data-animation=\"{&quot;endTime&quot;:1,&quot;duration&quot;:3500,&quot;style&quot;:&quot;static&quot;}\"><div class=\"funfact-icon\"><span class=\"icon-box\"><svg xmlns=\"http:\/\/www.w3.org\/2000\/svg\" viewBox=\"0 0 512 512\" class=\"gkit-icon\"><path d=\"M464 256A208 208 0 1 0 48 256a208 208 0 1 0 416 0zM0 256a256 256 0 1 1 512 0A256 256 0 1 1 0 256zm177.6 62.1C192.8 334.5 218.8 352 256 352s63.2-17.5 78.4-33.9c9-9.7 24.2-10.4 33.9-1.4s10.4 24.2 1.4 33.9c-22 23.8-60 49.4-113.6 49.4s-91.7-25.5-113.6-49.4c-9-9.7-8.4-24.9 1.4-33.9s24.9-8.4 33.9 1.4zm40-89.3l0 0 0 0-.2-.2c-.2-.2-.4-.5-.7-.9c-.6-.8-1.6-2-2.8-3.4c-2.5-2.8-6-6.6-10.2-10.3c-8.8-7.8-18.8-14-27.7-14s-18.9 6.2-27.7 14c-4.2 3.7-7.7 7.5-10.2 10.3c-1.2 1.4-2.2 2.6-2.8 3.4c-.3 .4-.6 .7-.7 .9l-.2 .2 0 0 0 0 0 0c-2.1 2.8-5.7 3.9-8.9 2.8s-5.5-4.1-5.5-7.6c0-17.9 6.7-35.6 16.6-48.8c9.8-13 23.9-23.2 39.4-23.2s29.6 10.2 39.4 23.2c9.9 13.2 16.6 30.9 16.6 48.8c0 3.4-2.2 6.5-5.5 7.6s-6.9 0-8.9-2.8l0 0 0 0zm160 0l0 0-.2-.2c-.2-.2-.4-.5-.7-.9c-.6-.8-1.6-2-2.8-3.4c-2.5-2.8-6-6.6-10.2-10.3c-8.8-7.8-18.8-14-27.7-14s-18.9 6.2-27.7 14c-4.2 3.7-7.7 7.5-10.2 10.3c-1.2 1.4-2.2 2.6-2.8 3.4c-.3 .4-.6 .7-.7 .9l-.2 .2 0 0 0 0 0 0c-2.1 2.8-5.7 3.9-8.9 2.8s-5.5-4.1-5.5-7.6c0-17.9 6.7-35.6 16.6-48.8c9.8-13 23.9-23.2 39.4-23.2s29.6 10.2 39.4 23.2c9.9 13.2 16.6 30.9 16.6 48.8c0 3.4-2.2 6.5-5.5 7.6s-6.9 0-8.9-2.8l0 0 0 0 0 0z\"\/><\/svg><\/span><\/div><div class=\"funfact-content\"><div class=\"number-percentage-wraper\"><span class=\"number-percentage\">0<\/span><\/div><h5 identifier=\"heading\" class=\"funfact-title\">2011 haben wir noch analog fotografiert, deshalb gibt es hier keine Bilder zur Reise<\/h5><\/div><\/div><\/div>\n ","protected":false},"excerpt":{"rendered":"<p>Isla de San Andres geh\u00f6rt auf erstaunlicherweise zu Kolumbien. Zu der kolumbianischen Inselgruppe geh\u00f6ren zwei Inseln San Andres und Providencia. Das Island liegt im karibischen Meer, ca. 770 km nordwestlich der kolumbianischen K\u00fcste. Nach Nicaragua ist es deutlich n\u00e4her, nur knapp 190 km. Warum die beiden Inseln zu Kolumbien geh\u00f6ren, da fragst Du am besten [&hellip;]<\/p>\n","protected":false},"author":2,"featured_media":4981,"comment_status":"closed","ping_status":"closed","sticky":false,"template":"","format":"standard","meta":{"postBodyCss":"","postBodyMargin":[],"postBodyPadding":[],"postBodyBackground":{"backgroundType":"classic","gradient":""},"ocean_post_layout":"","ocean_both_sidebars_style":"","ocean_both_sidebars_content_width":0,"ocean_both_sidebars_sidebars_width":0,"ocean_sidebar":"0","ocean_second_sidebar":"0","ocean_disable_margins":"enable","ocean_add_body_class":"","ocean_shortcode_before_top_bar":"","ocean_shortcode_after_top_bar":"","ocean_shortcode_before_header":"","ocean_shortcode_after_header":"","ocean_has_shortcode":"","ocean_shortcode_after_title":"","ocean_shortcode_before_footer_widgets":"","ocean_shortcode_after_footer_widgets":"","ocean_shortcode_before_footer_bottom":"","ocean_shortcode_after_footer_bottom":"","ocean_display_top_bar":"default","ocean_display_header":"default","ocean_header_style":"","ocean_center_header_left_menu":"0","ocean_custom_header_template":"0","ocean_custom_logo":0,"ocean_custom_retina_logo":0,"ocean_custom_logo_max_width":0,"ocean_custom_logo_tablet_max_width":0,"ocean_custom_logo_mobile_max_width":0,"ocean_custom_logo_max_height":0,"ocean_custom_logo_tablet_max_height":0,"ocean_custom_logo_mobile_max_height":0,"ocean_header_custom_menu":"0","ocean_menu_typo_font_family":"0","ocean_menu_typo_font_subset":"","ocean_menu_typo_font_size":0,"ocean_menu_typo_font_size_tablet":0,"ocean_menu_typo_font_size_mobile":0,"ocean_menu_typo_font_size_unit":"px","ocean_menu_typo_font_weight":"","ocean_menu_typo_font_weight_tablet":"","ocean_menu_typo_font_weight_mobile":"","ocean_menu_typo_transform":"","ocean_menu_typo_transform_tablet":"","ocean_menu_typo_transform_mobile":"","ocean_menu_typo_line_height":0,"ocean_menu_typo_line_height_tablet":0,"ocean_menu_typo_line_height_mobile":0,"ocean_menu_typo_line_height_unit":"","ocean_menu_typo_spacing":0,"ocean_menu_typo_spacing_tablet":0,"ocean_menu_typo_spacing_mobile":0,"ocean_menu_typo_spacing_unit":"","ocean_menu_link_color":"","ocean_menu_link_color_hover":"","ocean_menu_link_color_active":"","ocean_menu_link_background":"","ocean_menu_link_hover_background":"","ocean_menu_link_active_background":"","ocean_menu_social_links_bg":"","ocean_menu_social_hover_links_bg":"","ocean_menu_social_links_color":"","ocean_menu_social_hover_links_color":"","ocean_disable_title":"enable","ocean_disable_heading":"enable","ocean_post_title":"2011","ocean_post_subheading":"San Andres und Provedencia","ocean_post_title_style":"centered-minimal","ocean_post_title_background_color":"","ocean_post_title_background":0,"ocean_post_title_bg_image_position":"","ocean_post_title_bg_image_attachment":"","ocean_post_title_bg_image_repeat":"","ocean_post_title_bg_image_size":"","ocean_post_title_height":0,"ocean_post_title_bg_overlay":0.5,"ocean_post_title_bg_overlay_color":"","ocean_disable_breadcrumbs":"default","ocean_breadcrumbs_color":"","ocean_breadcrumbs_separator_color":"","ocean_breadcrumbs_links_color":"","ocean_breadcrumbs_links_hover_color":"","ocean_display_footer_widgets":"default","ocean_display_footer_bottom":"default","ocean_custom_footer_template":"0","ocean_post_oembed":"","ocean_post_self_hosted_media":"","ocean_post_video_embed":"","ocean_link_format":"","ocean_link_format_target":"self","ocean_quote_format":"","ocean_quote_format_link":"post","ocean_gallery_link_images":"off","ocean_gallery_id":[],"footnotes":""},"categories":[36],"tags":[39,40,41,42],"class_list":["post-119","post","type-post","status-publish","format-standard","has-post-thumbnail","hentry","category-reisen","tag-kolumbien","tag-providencia","tag-san-andres","tag-traumreise","entry","has-media"],"_links":{"self":[{"href":"https:\/\/frogspace.de\/wordpress\/wp-json\/wp\/v2\/posts\/119","targetHints":{"allow":["GET"]}}],"collection":[{"href":"https:\/\/frogspace.de\/wordpress\/wp-json\/wp\/v2\/posts"}],"about":[{"href":"https:\/\/frogspace.de\/wordpress\/wp-json\/wp\/v2\/types\/post"}],"author":[{"embeddable":true,"href":"https:\/\/frogspace.de\/wordpress\/wp-json\/wp\/v2\/users\/2"}],"replies":[{"embeddable":true,"href":"https:\/\/frogspace.de\/wordpress\/wp-json\/wp\/v2\/comments?post=119"}],"version-history":[{"count":4,"href":"https:\/\/frogspace.de\/wordpress\/wp-json\/wp\/v2\/posts\/119\/revisions"}],"predecessor-version":[{"id":5044,"href":"https:\/\/frogspace.de\/wordpress\/wp-json\/wp\/v2\/posts\/119\/revisions\/5044"}],"wp:featuredmedia":[{"embeddable":true,"href":"https:\/\/frogspace.de\/wordpress\/wp-json\/wp\/v2\/media\/4981"}],"wp:attachment":[{"href":"https:\/\/frogspace.de\/wordpress\/wp-json\/wp\/v2\/media?parent=119"}],"wp:term":[{"taxonomy":"category","embeddable":true,"href":"https:\/\/frogspace.de\/wordpress\/wp-json\/wp\/v2\/categories?post=119"},{"taxonomy":"post_tag","embeddable":true,"href":"https:\/\/frogspace.de\/wordpress\/wp-json\/wp\/v2\/tags?post=119"}],"curies":[{"name":"wp","href":"https:\/\/api.w.org\/{rel}","templated":true}]}}